{"id":398,"date":"2014-06-09T21:58:49","date_gmt":"2014-06-09T19:58:49","guid":{"rendered":"http:\/\/labalec.fr\/delphine\/?p=398"},"modified":"2018-01-01T23:38:16","modified_gmt":"2018-01-01T22:38:16","slug":"miam-il-fait-chaud-cest-lundi-7","status":"publish","type":"post","link":"http:\/\/labalec.fr\/delphine\/?p=398","title":{"rendered":"Miam, il fait chaud ! (C&#8217;est lundi #7)"},"content":{"rendered":"<p>Version sonoris\u00e9e, cliquez\u00a0sur &#8220;play&#8221; \ud83d\ude42 (parce que moi perso je d\u00e9teste qu&#8217;on m&#8217;impose une musique quand je surfe&#8230;) \u00c7\u00e0, \u00e7\u00e0 veut dire que l&#8217;\u00e9t\u00e9 est officiellement commenc\u00e9 chez nous.<\/p>\n<p>&nbsp;<\/p>\n<!--[if lt IE 9]><script>document.createElement('audio');<\/script><![endif]-->\n<audio class=\"wp-audio-shortcode\" id=\"audio-398-1\" preload=\"none\" style=\"width: 100%;\" controls=\"controls\"><source type=\"audio\/mpeg\" src=\"http:\/\/labalec.fr\/delphine\/wp-content\/uploads\/2014\/06\/bodega.mp3?_=1\" \/><a href=\"http:\/\/labalec.fr\/delphine\/wp-content\/uploads\/2014\/06\/bodega.mp3\">http:\/\/labalec.fr\/delphine\/wp-content\/uploads\/2014\/06\/bodega.mp3<\/a><\/audio>\n<address data-wpview-pad=\"1\">Sous le soleil de Bodega, Les n\u00e9gresses vertes, 1991, album &#8220;Famille nombreuse&#8221;<\/address>\n<p>Alors quand il fait chaud, on adapte les plats&#8230; Ce week-end, il a fait super b\u00f4.<\/p>\n<p><a href=\"http:\/\/labalec.fr\/delphine\/wp-content\/uploads\/2014\/06\/dipssoir.jpg\"><img loading=\"lazy\" class=\"alignleft size-medium wp-image-404\" src=\"http:\/\/labalec.fr\/delphine\/wp-content\/uploads\/2014\/06\/dipssoir-300x225.jpg\" alt=\"dipssoir\" width=\"300\" height=\"225\" srcset=\"http:\/\/labalec.fr\/delphine\/wp-content\/uploads\/2014\/06\/dipssoir-300x225.jpg 300w, http:\/\/labalec.fr\/delphine\/wp-content\/uploads\/2014\/06\/dipssoir.jpg 800w\" sizes=\"(max-width: 300px) 100vw, 300px\" \/><\/a><\/p>\n<p>Donc on a eu \u00e7\u00e0, c&#8217;\u00e9tait devant la t\u00e9l\u00e9, quand il y a eu une grosse envie de grignote. Assiette de crudit\u00e9s (tomates cerises, concombre, c\u00e9leri, carotte), ch\u00e8vre frais et sauce au fromage blanc (fromage blanc + jus de citron + ciboulette + sel + piment d\u2019Espelette).<br \/>\n<a href=\"http:\/\/labalec.fr\/delphine\/wp-content\/uploads\/2014\/06\/assiettevege1.jpg\"><img loading=\"lazy\" class=\"alignright size-medium wp-image-402\" src=\"http:\/\/labalec.fr\/delphine\/wp-content\/uploads\/2014\/06\/assiettevege1-300x225.jpg\" alt=\"assiettevege1\" width=\"300\" height=\"225\" srcset=\"http:\/\/labalec.fr\/delphine\/wp-content\/uploads\/2014\/06\/assiettevege1-300x225.jpg 300w, http:\/\/labalec.fr\/delphine\/wp-content\/uploads\/2014\/06\/assiettevege1.jpg 800w\" sizes=\"(max-width: 300px) 100vw, 300px\" \/><\/a>Et puis \u00e7\u00e0, c&#8217;\u00e9tait le repas de ce lundi soir, qui sentait bon les vacances et la journ\u00e9e pass\u00e9e au soleil. Gaspacho, tartine de ch\u00e8vre &#8211; miel &#8211; thym et salade.<\/p>\n<p>\u00c7\u00e0 m\u00e9ritait bien une musique d&#8217;ambiance non ?<\/p>\n<h2 data-wpview-pad=\"1\"><strong><span style=\"color: #ff0000;\">Gaspacho<\/span><\/strong><\/h2>\n<p><em>Pour 4 personnes<\/em><br \/>\n<em>6 tomates<\/em><br \/>\n<em>1 tige de c\u00e9leri<\/em><br \/>\n<em>1 petit oigon<\/em><br \/>\n<em>2 gousses d&#8217;ail<\/em><br \/>\n<em>1 CS d&#8217;huile d&#8217;olive<\/em><br \/>\n<em>1 CS de vinaigre balsamique<\/em><br \/>\n<em>sel de c\u00e9l\u00e9ri<\/em><br \/>\n<em>poivre<\/em><br \/>\n<em>1\/4 de cc de piment d&#8217;Espelette (ou plus si vous voulez)<\/em><br \/>\n<em>1\/2 concombre<\/em><\/p>\n<p>Couper et \u00e9p\u00e9piner les tomates. Les mettre dans le blender avec le reste des ingr\u00e9dients sauf le concombre. R\u00e9duire en pur\u00e9e en conservant un peu de mati\u00e8re.<br \/>\nEplucher le concombre, retirer les p\u00e9pins et \u00e9mincer en petits cubes. Tout petit.<br \/>\nVerser dans des verres pour faire joli. Ajouter le concombre et m\u00e9langer.<br \/>\nMettre au frigo entre 1 et 3 heures.<\/p>\n","protected":false},"excerpt":{"rendered":"<p>Version sonoris\u00e9e, cliquez\u00a0sur &#8220;play&#8221; \ud83d\ude42 (parce que moi perso je d\u00e9teste qu&#8217;on m&#8217;impose une musique quand je surfe&#8230;) \u00c7\u00e0, \u00e7\u00e0 veut dire que l&#8217;\u00e9t\u00e9 est officiellement commenc\u00e9 chez nous. &nbsp; Sous le soleil de Bodega, Les n\u00e9gresses vertes, 1991, album &#8220;Famille nombreuse&#8221; Alors quand il fait chaud, on adapte les plats&#8230; Ce week-end, il a [&hellip;]<\/p>\n","protected":false},"author":3,"featured_media":0,"comment_status":"open","ping_status":"open","sticky":false,"template":"","format":"standard","meta":{"_s2mail":""},"categories":[4,3],"tags":[67,13,132,131],"_links":{"self":[{"href":"http:\/\/labalec.fr\/delphine\/index.php?rest_route=\/wp\/v2\/posts\/398"}],"collection":[{"href":"http:\/\/labalec.fr\/delphine\/index.php?rest_route=\/wp\/v2\/posts"}],"about":[{"href":"http:\/\/labalec.fr\/delphine\/index.php?rest_route=\/wp\/v2\/types\/post"}],"author":[{"embeddable":true,"href":"http:\/\/labalec.fr\/delphine\/index.php?rest_route=\/wp\/v2\/users\/3"}],"replies":[{"embeddable":true,"href":"http:\/\/labalec.fr\/delphine\/index.php?rest_route=%2Fwp%2Fv2%2Fcomments&post=398"}],"version-history":[{"count":1,"href":"http:\/\/labalec.fr\/delphine\/index.php?rest_route=\/wp\/v2\/posts\/398\/revisions"}],"predecessor-version":[{"id":405,"href":"http:\/\/labalec.fr\/delphine\/index.php?rest_route=\/wp\/v2\/posts\/398\/revisions\/405"}],"wp:attachment":[{"href":"http:\/\/labalec.fr\/delphine\/index.php?rest_route=%2Fwp%2Fv2%2Fmedia&parent=398"}],"wp:term":[{"taxonomy":"category","embeddable":true,"href":"http:\/\/labalec.fr\/delphine\/index.php?rest_route=%2Fwp%2Fv2%2Fcategories&post=398"},{"taxonomy":"post_tag","embeddable":true,"href":"http:\/\/labalec.fr\/delphine\/index.php?rest_route=%2Fwp%2Fv2%2Ftags&post=398"}],"curies":[{"name":"wp","href":"https:\/\/api.w.org\/{rel}","templated":true}]}}